{"id":1285,"date":"2013-05-31T10:34:31","date_gmt":"2013-05-31T10:34:31","guid":{"rendered":"https:\/\/old.imosver.com\/blog\/?p=1285"},"modified":"2013-05-31T10:35:26","modified_gmt":"2013-05-31T10:35:26","slug":"desde-hoy-y-hasta-el-16-de-junio-se-celebra-la-72a-edicion-de-la-feria-del-libro-de-madrid-situada-en-el-parque-del-retiro","status":"publish","type":"post","link":"https:\/\/old.imosver.com\/blog\/desde-hoy-y-hasta-el-16-de-junio-se-celebra-la-72a-edicion-de-la-feria-del-libro-de-madrid-situada-en-el-parque-del-retiro\/","title":{"rendered":"Desde hoy y  hasta el 16 de Junio se celebra la 72\u00aa edici\u00f3n de la Feria del Libro de Madrid situada en el Parque del Retiro."},"content":{"rendered":"<p style=\"text-align: justify;\"><a href=\"https:\/\/old.imosver.com\/blog\/wp-content\/uploads\/2013\/05\/FERIA-DEL-LIBRO-CARTEL-31-MAYO-2013.jpg\"><img loading=\"lazy\" class=\"alignleft size-medium wp-image-1286\" title=\"FERIA DEL LIBRO CARTEL 31 MAYO 2013\" src=\"https:\/\/old.imosver.com\/blog\/wp-content\/uploads\/2013\/05\/FERIA-DEL-LIBRO-CARTEL-31-MAYO-2013-200x108.jpg\" alt=\"\" width=\"200\" height=\"108\" srcset=\"https:\/\/old.imosver.com\/blog\/wp-content\/uploads\/2013\/05\/FERIA-DEL-LIBRO-CARTEL-31-MAYO-2013-200x108.jpg 200w, https:\/\/old.imosver.com\/blog\/wp-content\/uploads\/2013\/05\/FERIA-DEL-LIBRO-CARTEL-31-MAYO-2013-500x271.jpg 500w, https:\/\/old.imosver.com\/blog\/wp-content\/uploads\/2013\/05\/FERIA-DEL-LIBRO-CARTEL-31-MAYO-2013.jpg 644w\" sizes=\"(max-width: 200px) 100vw, 200px\" \/><\/a><\/p>\n<p style=\"text-align: justify;\">A pesar de la ca\u00edda que salpica al sector, como consecuencia de la situaci\u00f3n general de nuestra econom\u00eda, los organizadores y participantes han <strong>duplicado el esfuerzo para\u00a0 dejar alto el pabell\u00f3n de la lectura.<\/strong><\/p>\n<p style=\"text-align: justify;\"><strong>457\u00a0 expositores, 32\u00a0 m\u00e1s que el a\u00f1o pasado<\/strong>, <strong>casetas y puestos compartidos, la presencia de grandes firmas editoriales,\u00a0 numerosos actos y homenajes, y la asistencia<\/strong> <strong>de un nutrido grupo de escritores<\/strong> entregados a su p\u00fablico, intentar\u00e1n conseguir el clima de optimismo necesario para\u00a0 dar un peque\u00f1o empuj\u00f3n a este sector, en el que est\u00e1n implicados tantos puestos de trabajo.<\/p>\n<p style=\"text-align: justify;\">El lema de este a\u00f1o es,\u00a0 <strong>\u201cEl libro es la respuesta\u201d<\/strong> y <strong>las estrellas de la Feria ser\u00e1n,\u00a0 el<\/strong> <strong>libro en formato papel<\/strong>, frente a las propuestas digitales,\u00a0 <strong>y la figura del librero.<\/strong><\/p>\n<p style=\"text-align: justify;\">La uni\u00f3n de estos tres elementos, nos parece fundamental para recuperar la imagen de esta humanidad, desde que el escritor comienza a dar vida a un libro con la redacci\u00f3n de los primeros p\u00e1rrafos, hasta que un lector termina de leer la \u00faltima p\u00e1gina de ese mismo ejemplar, y analiza las sensaciones que ello le ha supuesto.<\/p>\n<p style=\"text-align: justify;\"><strong>Almudena Grandes, Arturo P\u00e9rez-Reverte, el cocinero Alberto Chicote, Ildefonso<\/strong> <strong>Falcones, Javier Sierra<\/strong>, autor de unos de los grandes \u00e9xitos de este a\u00f1o, <a title=\"El maestro del prado\" href=\"https:\/\/old.imosver.com\/es\/libro\/el-maestro-del-prado_9970016341\" target=\"_blank\">El Maestro del Prado<\/a>\u00a0, <strong>Matilde Asensi y Use Lahoz<\/strong>, son , entre otros muchos, algunos de los escritores de gran actualidad que estar\u00e1n en el Parque del Retiro firmando libros.<\/p>\n<p style=\"text-align: justify;\">Tambi\u00e9n hay organizados homenajes a tres figuras de nuestras letras fallecidas recientemente: <strong>Jos\u00e9 Luis Sampedro, Eugenio Tr\u00edas y Mingote<\/strong>. Este \u00faltimo tuvo su capilla ardiente en este famoso parque de Madrid.<\/p>\n<p style=\"text-align: justify;\"><strong>Exposiciones sobre las nuevas tecnol\u00f3gias<\/strong> aplicadas al mundo del libro, y <strong>actividades para ni\u00f1os<\/strong> completar\u00e1n el evento.<\/p>\n<p style=\"text-align: justify;\"><a title=\"Inferno\" href=\"https:\/\/old.imosver.com\/es\/libro\/inferno-internacional_0010006101\" target=\"_blank\">Inferno<\/a>\u00a0de Dan Brown se presenta como favorito en pron\u00f3stico de ventas y hay apuestas para conocer quien ocupar\u00e1 el segundo lugar en el ranking.<\/p>\n<p style=\"text-align: justify;\"><strong>Esperamos que la climatolog\u00eda ayude<\/strong>, y la afluencia de publico sea proporcional al esfuerzo realizado este a\u00f1o. No podemos dejar caer este sector, tan importante para una sociedad y que tanto colabora con la formaci\u00f3n y la cultura de sus gentes.<\/p>\n<p style=\"text-align: justify;\">Por todo ello, os animamos a acercaros al Parque del Retiro para apoyar a nuestros escritores, libreros, editoriales, distribuidoras <strong>&#8230; Los libros no son un lujo, son una necesidad para los pueblos.<\/strong><\/p>\n<p style=\"text-align: justify;\">\u00a1Hasta el lunes, feliz fin de semana a todos!<\/p>\n","protected":false},"excerpt":{"rendered":"<p>A pesar de la ca\u00edda que salpica al sector, como consecuencia de la situaci\u00f3n general de nuestra econom\u00eda, los organizadores y participantes han duplicado el esfuerzo para\u00a0 dejar alto el pabell\u00f3n de la lectura. 457\u00a0 expositores, 32\u00a0 m\u00e1s que el a\u00f1o pasado, casetas y puestos compartidos, la presencia de grandes firmas editoriales,\u00a0 numerosos actos y [&hellip;]<\/p>\n","protected":false},"author":2,"featured_media":0,"comment_status":"open","ping_status":"open","sticky":false,"template":"","format":"standard","meta":{"tdm_status":"","tdm_grid_status":""},"categories":[165],"tags":[370,369,371],"yoast_head":"<!-- This site is optimized with the Yoast SEO plugin v17.2 - https:\/\/yoast.com\/wordpress\/plugins\/seo\/ -->\n<meta name=\"robots\" content=\"index, follow, max-snippet:-1, max-image-preview:large, max-video-preview:-1\" \/>\n<link rel=\"canonical\" href=\"https:\/\/old.imosver.com\/blog\/desde-hoy-y-hasta-el-16-de-junio-se-celebra-la-72a-edicion-de-la-feria-del-libro-de-madrid-situada-en-el-parque-del-retiro\/\" \/>\n<meta property=\"og:locale\" content=\"es_ES\" \/>\n<meta property=\"og:type\" content=\"article\" \/>\n<meta property=\"og:title\" content=\"Desde hoy y hasta el 16 de Junio se celebra la 72\u00aa edici\u00f3n de la Feria del Libro de Madrid situada en el Parque del Retiro.  - Blog imosver\" \/>\n<meta property=\"og:description\" content=\"A pesar de la ca\u00edda que salpica al sector, como consecuencia de la situaci\u00f3n general de nuestra econom\u00eda, los organizadores y participantes han duplicado el esfuerzo para\u00a0 dejar alto el pabell\u00f3n de la lectura. 457\u00a0 expositores, 32\u00a0 m\u00e1s que el a\u00f1o pasado, casetas y puestos compartidos, la presencia de grandes firmas editoriales,\u00a0 numerosos actos y [&hellip;]\" \/>\n<meta property=\"og:url\" content=\"https:\/\/old.imosver.com\/blog\/desde-hoy-y-hasta-el-16-de-junio-se-celebra-la-72a-edicion-de-la-feria-del-libro-de-madrid-situada-en-el-parque-del-retiro\/\" \/>\n<meta property=\"og:site_name\" content=\"Blog imosver\" \/>\n<meta property=\"article:publisher\" content=\"https:\/\/www.facebook.com\/imosver\" \/>\n<meta property=\"article:published_time\" content=\"2013-05-31T10:34:31+00:00\" \/>\n<meta property=\"article:modified_time\" content=\"2013-05-31T10:35:26+00:00\" \/>\n<meta property=\"og:image\" content=\"https:\/\/old.imosver.com\/blog\/wp-content\/uploads\/2013\/05\/FERIA-DEL-LIBRO-CARTEL-31-MAYO-2013-200x108.jpg\" \/>\n<meta name=\"twitter:card\" content=\"summary_large_image\" \/>\n<meta name=\"twitter:creator\" content=\"@Imosver\" \/>\n<meta name=\"twitter:site\" content=\"@Imosver\" \/>\n<meta name=\"twitter:label1\" content=\"Escrito por\" \/>\n\t<meta name=\"twitter:data1\" content=\"Imosver\" \/>\n\t<meta name=\"twitter:label2\" content=\"Tiempo de lectura\" \/>\n\t<meta name=\"twitter:data2\" content=\"2 minutos\" \/>\n<script type=\"application\/ld+json\" class=\"yoast-schema-graph\">{\"@context\":\"https:\/\/schema.org\",\"@graph\":[{\"@type\":\"Organization\",\"@id\":\"https:\/\/old.imosver.com\/blog\/#organization\",\"name\":\"Imosver\",\"url\":\"https:\/\/old.imosver.com\/blog\/\",\"sameAs\":[\"https:\/\/www.facebook.com\/imosver\",\"https:\/\/www.instagram.com\/imosver\/\",\"https:\/\/www.linkedin.com\/company\/3086458\/admin\/\",\"https:\/\/www.pinterest.es\/imosver\/\",\"https:\/\/twitter.com\/Imosver\"],\"logo\":{\"@type\":\"ImageObject\",\"@id\":\"https:\/\/old.imosver.com\/blog\/#logo\",\"inLanguage\":\"es\",\"url\":\"https:\/\/old.imosver.com\/blog\/wp-content\/uploads\/2026\/01\/logo.png\",\"contentUrl\":\"https:\/\/old.imosver.com\/blog\/wp-content\/uploads\/2026\/01\/logo.png\",\"width\":523,\"height\":120,\"caption\":\"Imosver\"},\"image\":{\"@id\":\"https:\/\/old.imosver.com\/blog\/#logo\"}},{\"@type\":\"WebSite\",\"@id\":\"https:\/\/old.imosver.com\/blog\/#website\",\"url\":\"https:\/\/old.imosver.com\/blog\/\",\"name\":\"Blog imosver\",\"description\":\"Blog Imosver\",\"publisher\":{\"@id\":\"https:\/\/old.imosver.com\/blog\/#organization\"},\"potentialAction\":[{\"@type\":\"SearchAction\",\"target\":{\"@type\":\"EntryPoint\",\"urlTemplate\":\"https:\/\/old.imosver.com\/blog\/?s={search_term_string}\"},\"query-input\":\"required name=search_term_string\"}],\"inLanguage\":\"es\"},{\"@type\":\"ImageObject\",\"@id\":\"https:\/\/old.imosver.com\/blog\/desde-hoy-y-hasta-el-16-de-junio-se-celebra-la-72a-edicion-de-la-feria-del-libro-de-madrid-situada-en-el-parque-del-retiro\/#primaryimage\",\"inLanguage\":\"es\",\"url\":\"https:\/\/old.imosver.com\/blog\/wp-content\/uploads\/2013\/05\/FERIA-DEL-LIBRO-CARTEL-31-MAYO-2013.jpg\",\"contentUrl\":\"https:\/\/old.imosver.com\/blog\/wp-content\/uploads\/2013\/05\/FERIA-DEL-LIBRO-CARTEL-31-MAYO-2013.jpg\",\"width\":\"644\",\"height\":\"350\"},{\"@type\":\"WebPage\",\"@id\":\"https:\/\/old.imosver.com\/blog\/desde-hoy-y-hasta-el-16-de-junio-se-celebra-la-72a-edicion-de-la-feria-del-libro-de-madrid-situada-en-el-parque-del-retiro\/#webpage\",\"url\":\"https:\/\/old.imosver.com\/blog\/desde-hoy-y-hasta-el-16-de-junio-se-celebra-la-72a-edicion-de-la-feria-del-libro-de-madrid-situada-en-el-parque-del-retiro\/\",\"name\":\"Desde hoy y hasta el 16 de Junio se celebra la 72\\u00aa edici\\u00f3n de la Feria del Libro de Madrid situada en el Parque del Retiro. - Blog imosver\",\"isPartOf\":{\"@id\":\"https:\/\/old.imosver.com\/blog\/#website\"},\"primaryImageOfPage\":{\"@id\":\"https:\/\/old.imosver.com\/blog\/desde-hoy-y-hasta-el-16-de-junio-se-celebra-la-72a-edicion-de-la-feria-del-libro-de-madrid-situada-en-el-parque-del-retiro\/#primaryimage\"},\"datePublished\":\"2013-05-31T10:34:31+00:00\",\"dateModified\":\"2013-05-31T10:35:26+00:00\",\"breadcrumb\":{\"@id\":\"https:\/\/old.imosver.com\/blog\/desde-hoy-y-hasta-el-16-de-junio-se-celebra-la-72a-edicion-de-la-feria-del-libro-de-madrid-situada-en-el-parque-del-retiro\/#breadcrumb\"},\"inLanguage\":\"es\",\"potentialAction\":[{\"@type\":\"ReadAction\",\"target\":[\"https:\/\/old.imosver.com\/blog\/desde-hoy-y-hasta-el-16-de-junio-se-celebra-la-72a-edicion-de-la-feria-del-libro-de-madrid-situada-en-el-parque-del-retiro\/\"]}]},{\"@type\":\"BreadcrumbList\",\"@id\":\"https:\/\/old.imosver.com\/blog\/desde-hoy-y-hasta-el-16-de-junio-se-celebra-la-72a-edicion-de-la-feria-del-libro-de-madrid-situada-en-el-parque-del-retiro\/#breadcrumb\",\"itemListElement\":[{\"@type\":\"ListItem\",\"position\":1,\"name\":\"Portada\",\"item\":\"https:\/\/old.imosver.com\/blog\/\"},{\"@type\":\"ListItem\",\"position\":2,\"name\":\"Desde hoy y hasta el 16 de Junio se celebra la 72\\u00aa edici\\u00f3n de la Feria del Libro de Madrid situada en el Parque del Retiro.\"}]},{\"@type\":\"Article\",\"@id\":\"https:\/\/old.imosver.com\/blog\/desde-hoy-y-hasta-el-16-de-junio-se-celebra-la-72a-edicion-de-la-feria-del-libro-de-madrid-situada-en-el-parque-del-retiro\/#article\",\"isPartOf\":{\"@id\":\"https:\/\/old.imosver.com\/blog\/desde-hoy-y-hasta-el-16-de-junio-se-celebra-la-72a-edicion-de-la-feria-del-libro-de-madrid-situada-en-el-parque-del-retiro\/#webpage\"},\"author\":{\"@id\":\"https:\/\/old.imosver.com\/blog\/#\/schema\/person\/4894cc3afc687758ce752d7938e0519d\"},\"headline\":\"Desde hoy y hasta el 16 de Junio se celebra la 72\\u00aa edici\\u00f3n de la Feria del Libro de Madrid situada en el Parque del Retiro.\",\"datePublished\":\"2013-05-31T10:34:31+00:00\",\"dateModified\":\"2013-05-31T10:35:26+00:00\",\"mainEntityOfPage\":{\"@id\":\"https:\/\/old.imosver.com\/blog\/desde-hoy-y-hasta-el-16-de-junio-se-celebra-la-72a-edicion-de-la-feria-del-libro-de-madrid-situada-en-el-parque-del-retiro\/#webpage\"},\"wordCount\":440,\"commentCount\":0,\"publisher\":{\"@id\":\"https:\/\/old.imosver.com\/blog\/#organization\"},\"image\":{\"@id\":\"https:\/\/old.imosver.com\/blog\/desde-hoy-y-hasta-el-16-de-junio-se-celebra-la-72a-edicion-de-la-feria-del-libro-de-madrid-situada-en-el-parque-del-retiro\/#primaryimage\"},\"thumbnailUrl\":\"https:\/\/old.imosver.com\/blog\/wp-content\/uploads\/2013\/05\/FERIA-DEL-LIBRO-CARTEL-31-MAYO-2013-200x108.jpg\",\"keywords\":[\"eventos Madrid\",\"feria del libro\",\"Inferno de Dan Brown\"],\"articleSection\":[\"Actualidad\"],\"inLanguage\":\"es\",\"potentialAction\":[{\"@type\":\"CommentAction\",\"name\":\"Comment\",\"target\":[\"https:\/\/old.imosver.com\/blog\/desde-hoy-y-hasta-el-16-de-junio-se-celebra-la-72a-edicion-de-la-feria-del-libro-de-madrid-situada-en-el-parque-del-retiro\/#respond\"]}]},{\"@type\":\"Person\",\"@id\":\"https:\/\/old.imosver.com\/blog\/#\/schema\/person\/4894cc3afc687758ce752d7938e0519d\",\"name\":\"Imosver\",\"image\":{\"@type\":\"ImageObject\",\"@id\":\"https:\/\/old.imosver.com\/blog\/#personlogo\",\"inLanguage\":\"es\",\"url\":\"https:\/\/secure.gravatar.com\/avatar\/00c6911b29e428161a36327744b2bc61?s=96&r=g\",\"contentUrl\":\"https:\/\/secure.gravatar.com\/avatar\/00c6911b29e428161a36327744b2bc61?s=96&r=g\",\"caption\":\"Imosver\"},\"url\":\"https:\/\/old.imosver.com\/blog\/author\/imosver\/\"}]}<\/script>\n<!-- \/ Yoast SEO plugin. -->","yoast_head_json":{"robots":{"index":"index","follow":"follow","max-snippet":"max-snippet:-1","max-image-preview":"max-image-preview:large","max-video-preview":"max-video-preview:-1"},"canonical":"https:\/\/old.imosver.com\/blog\/desde-hoy-y-hasta-el-16-de-junio-se-celebra-la-72a-edicion-de-la-feria-del-libro-de-madrid-situada-en-el-parque-del-retiro\/","og_locale":"es_ES","og_type":"article","og_title":"Desde hoy y hasta el 16 de Junio se celebra la 72\u00aa edici\u00f3n de la Feria del Libro de Madrid situada en el Parque del Retiro.  - Blog imosver","og_description":"A pesar de la ca\u00edda que salpica al sector, como consecuencia de la situaci\u00f3n general de nuestra econom\u00eda, los organizadores y participantes han duplicado el esfuerzo para\u00a0 dejar alto el pabell\u00f3n de la lectura. 457\u00a0 expositores, 32\u00a0 m\u00e1s que el a\u00f1o pasado, casetas y puestos compartidos, la presencia de grandes firmas editoriales,\u00a0 numerosos actos y [&hellip;]","og_url":"https:\/\/old.imosver.com\/blog\/desde-hoy-y-hasta-el-16-de-junio-se-celebra-la-72a-edicion-de-la-feria-del-libro-de-madrid-situada-en-el-parque-del-retiro\/","og_site_name":"Blog imosver","article_publisher":"https:\/\/www.facebook.com\/imosver","article_published_time":"2013-05-31T10:34:31+00:00","article_modified_time":"2013-05-31T10:35:26+00:00","og_image":[{"url":"https:\/\/old.imosver.com\/blog\/wp-content\/uploads\/2013\/05\/FERIA-DEL-LIBRO-CARTEL-31-MAYO-2013-200x108.jpg"}],"twitter_card":"summary_large_image","twitter_creator":"@Imosver","twitter_site":"@Imosver","twitter_misc":{"Escrito por":"Imosver","Tiempo de lectura":"2 minutos"},"schema":{"@context":"https:\/\/schema.org","@graph":[{"@type":"Organization","@id":"https:\/\/old.imosver.com\/blog\/#organization","name":"Imosver","url":"https:\/\/old.imosver.com\/blog\/","sameAs":["https:\/\/www.facebook.com\/imosver","https:\/\/www.instagram.com\/imosver\/","https:\/\/www.linkedin.com\/company\/3086458\/admin\/","https:\/\/www.pinterest.es\/imosver\/","https:\/\/twitter.com\/Imosver"],"logo":{"@type":"ImageObject","@id":"https:\/\/old.imosver.com\/blog\/#logo","inLanguage":"es","url":"https:\/\/old.imosver.com\/blog\/wp-content\/uploads\/2026\/01\/logo.png","contentUrl":"https:\/\/old.imosver.com\/blog\/wp-content\/uploads\/2026\/01\/logo.png","width":523,"height":120,"caption":"Imosver"},"image":{"@id":"https:\/\/old.imosver.com\/blog\/#logo"}},{"@type":"WebSite","@id":"https:\/\/old.imosver.com\/blog\/#website","url":"https:\/\/old.imosver.com\/blog\/","name":"Blog imosver","description":"Blog Imosver","publisher":{"@id":"https:\/\/old.imosver.com\/blog\/#organization"},"potentialAction":[{"@type":"SearchAction","target":{"@type":"EntryPoint","urlTemplate":"https:\/\/old.imosver.com\/blog\/?s={search_term_string}"},"query-input":"required name=search_term_string"}],"inLanguage":"es"},{"@type":"ImageObject","@id":"https:\/\/old.imosver.com\/blog\/desde-hoy-y-hasta-el-16-de-junio-se-celebra-la-72a-edicion-de-la-feria-del-libro-de-madrid-situada-en-el-parque-del-retiro\/#primaryimage","inLanguage":"es","url":"https:\/\/old.imosver.com\/blog\/wp-content\/uploads\/2013\/05\/FERIA-DEL-LIBRO-CARTEL-31-MAYO-2013.jpg","contentUrl":"https:\/\/old.imosver.com\/blog\/wp-content\/uploads\/2013\/05\/FERIA-DEL-LIBRO-CARTEL-31-MAYO-2013.jpg","width":"644","height":"350"},{"@type":"WebPage","@id":"https:\/\/old.imosver.com\/blog\/desde-hoy-y-hasta-el-16-de-junio-se-celebra-la-72a-edicion-de-la-feria-del-libro-de-madrid-situada-en-el-parque-del-retiro\/#webpage","url":"https:\/\/old.imosver.com\/blog\/desde-hoy-y-hasta-el-16-de-junio-se-celebra-la-72a-edicion-de-la-feria-del-libro-de-madrid-situada-en-el-parque-del-retiro\/","name":"Desde hoy y hasta el 16 de Junio se celebra la 72\u00aa edici\u00f3n de la Feria del Libro de Madrid situada en el Parque del Retiro. - Blog imosver","isPartOf":{"@id":"https:\/\/old.imosver.com\/blog\/#website"},"primaryImageOfPage":{"@id":"https:\/\/old.imosver.com\/blog\/desde-hoy-y-hasta-el-16-de-junio-se-celebra-la-72a-edicion-de-la-feria-del-libro-de-madrid-situada-en-el-parque-del-retiro\/#primaryimage"},"datePublished":"2013-05-31T10:34:31+00:00","dateModified":"2013-05-31T10:35:26+00:00","breadcrumb":{"@id":"https:\/\/old.imosver.com\/blog\/desde-hoy-y-hasta-el-16-de-junio-se-celebra-la-72a-edicion-de-la-feria-del-libro-de-madrid-situada-en-el-parque-del-retiro\/#breadcrumb"},"inLanguage":"es","potentialAction":[{"@type":"ReadAction","target":["https:\/\/old.imosver.com\/blog\/desde-hoy-y-hasta-el-16-de-junio-se-celebra-la-72a-edicion-de-la-feria-del-libro-de-madrid-situada-en-el-parque-del-retiro\/"]}]},{"@type":"BreadcrumbList","@id":"https:\/\/old.imosver.com\/blog\/desde-hoy-y-hasta-el-16-de-junio-se-celebra-la-72a-edicion-de-la-feria-del-libro-de-madrid-situada-en-el-parque-del-retiro\/#breadcrumb","itemListElement":[{"@type":"ListItem","position":1,"name":"Portada","item":"https:\/\/old.imosver.com\/blog\/"},{"@type":"ListItem","position":2,"name":"Desde hoy y hasta el 16 de Junio se celebra la 72\u00aa edici\u00f3n de la Feria del Libro de Madrid situada en el Parque del Retiro."}]},{"@type":"Article","@id":"https:\/\/old.imosver.com\/blog\/desde-hoy-y-hasta-el-16-de-junio-se-celebra-la-72a-edicion-de-la-feria-del-libro-de-madrid-situada-en-el-parque-del-retiro\/#article","isPartOf":{"@id":"https:\/\/old.imosver.com\/blog\/desde-hoy-y-hasta-el-16-de-junio-se-celebra-la-72a-edicion-de-la-feria-del-libro-de-madrid-situada-en-el-parque-del-retiro\/#webpage"},"author":{"@id":"https:\/\/old.imosver.com\/blog\/#\/schema\/person\/4894cc3afc687758ce752d7938e0519d"},"headline":"Desde hoy y hasta el 16 de Junio se celebra la 72\u00aa edici\u00f3n de la Feria del Libro de Madrid situada en el Parque del Retiro.","datePublished":"2013-05-31T10:34:31+00:00","dateModified":"2013-05-31T10:35:26+00:00","mainEntityOfPage":{"@id":"https:\/\/old.imosver.com\/blog\/desde-hoy-y-hasta-el-16-de-junio-se-celebra-la-72a-edicion-de-la-feria-del-libro-de-madrid-situada-en-el-parque-del-retiro\/#webpage"},"wordCount":440,"commentCount":0,"publisher":{"@id":"https:\/\/old.imosver.com\/blog\/#organization"},"image":{"@id":"https:\/\/old.imosver.com\/blog\/desde-hoy-y-hasta-el-16-de-junio-se-celebra-la-72a-edicion-de-la-feria-del-libro-de-madrid-situada-en-el-parque-del-retiro\/#primaryimage"},"thumbnailUrl":"https:\/\/old.imosver.com\/blog\/wp-content\/uploads\/2013\/05\/FERIA-DEL-LIBRO-CARTEL-31-MAYO-2013-200x108.jpg","keywords":["eventos Madrid","feria del libro","Inferno de Dan Brown"],"articleSection":["Actualidad"],"inLanguage":"es","potentialAction":[{"@type":"CommentAction","name":"Comment","target":["https:\/\/old.imosver.com\/blog\/desde-hoy-y-hasta-el-16-de-junio-se-celebra-la-72a-edicion-de-la-feria-del-libro-de-madrid-situada-en-el-parque-del-retiro\/#respond"]}]},{"@type":"Person","@id":"https:\/\/old.imosver.com\/blog\/#\/schema\/person\/4894cc3afc687758ce752d7938e0519d","name":"Imosver","image":{"@type":"ImageObject","@id":"https:\/\/old.imosver.com\/blog\/#personlogo","inLanguage":"es","url":"https:\/\/secure.gravatar.com\/avatar\/00c6911b29e428161a36327744b2bc61?s=96&r=g","contentUrl":"https:\/\/secure.gravatar.com\/avatar\/00c6911b29e428161a36327744b2bc61?s=96&r=g","caption":"Imosver"},"url":"https:\/\/old.imosver.com\/blog\/author\/imosver\/"}]}},"_links":{"self":[{"href":"https:\/\/old.imosver.com\/blog\/wp-json\/wp\/v2\/posts\/1285"}],"collection":[{"href":"https:\/\/old.imosver.com\/blog\/wp-json\/wp\/v2\/posts"}],"about":[{"href":"https:\/\/old.imosver.com\/blog\/wp-json\/wp\/v2\/types\/post"}],"author":[{"embeddable":true,"href":"https:\/\/old.imosver.com\/blog\/wp-json\/wp\/v2\/users\/2"}],"replies":[{"embeddable":true,"href":"https:\/\/old.imosver.com\/blog\/wp-json\/wp\/v2\/comments?post=1285"}],"version-history":[{"count":4,"href":"https:\/\/old.imosver.com\/blog\/wp-json\/wp\/v2\/posts\/1285\/revisions"}],"predecessor-version":[{"id":1290,"href":"https:\/\/old.imosver.com\/blog\/wp-json\/wp\/v2\/posts\/1285\/revisions\/1290"}],"wp:attachment":[{"href":"https:\/\/old.imosver.com\/blog\/wp-json\/wp\/v2\/media?parent=1285"}],"wp:term":[{"taxonomy":"category","embeddable":true,"href":"https:\/\/old.imosver.com\/blog\/wp-json\/wp\/v2\/categories?post=1285"},{"taxonomy":"post_tag","embeddable":true,"href":"https:\/\/old.imosver.com\/blog\/wp-json\/wp\/v2\/tags?post=1285"}],"curies":[{"name":"wp","href":"https:\/\/api.w.org\/{rel}","templated":true}]}}